{"id":5196,"date":"2025-09-25T09:02:54","date_gmt":"2025-09-25T07:02:54","guid":{"rendered":"http:\/\/deserteursdenkmal.at\/wordpress\/?p=5196"},"modified":"2025-09-25T09:05:25","modified_gmt":"2025-09-25T07:05:25","slug":"5196","status":"publish","type":"post","link":"https:\/\/deserteursdenkmal.at\/wordpress\/2025\/09\/5196\/","title":{"rendered":"Gedenkveranstaltung f\u00fcr die Opfer der NS-Milit\u00e4rjustiz in Kagran 2025"},"content":{"rendered":"\n<p>Sehr geehrte Damen und Herren, liebe Freundinnen und Freunde,<br>es ist wieder einmal Nationalfeiertag, also treffen wir uns, wie jedes Jahr, zu unserer mittlerweile bereits traditionellen Gedenkveranstaltung in Kagran.\u00a0<br><br><strong>Nie wieder Gleichschritt! 24. Gedenkveranstaltung f\u00fcr die Opfer der NS-Milit\u00e4rjustiz.<\/strong><\/p>\n\n\n\n<p>Das Personenkomitee \u00bbGerechtigkeit f\u00fcr die Opfer der NS-Milit\u00e4rjustiz\u00ab l\u00e4dt herzlich zur 24. Gedenkveranstaltung \u00bbNie wieder Gleichschritt!\u00ab an der ehemaligen Hinrichtungsst\u00e4tte auf dem Gel\u00e4nde des Milit\u00e4rschie\u00dfplatzes Kagran ein. Dort starben zwischen 1940 und 1945 Hunderte wegen Fahnenflucht und Wehrkraftzersetzung zum Tode verurteilte Wehrmachtsoldaten im Kugelhagel von Exekutionskommandos. Wir treffen uns zum Gedenken an alle ungehorsamen Soldaten und ZivilistInnen, die von Wehrmacht und SS ermordet wurden.<\/p>\n\n\n\n<p><br><strong>Zeit: So., 26. Oktober 2025, 11 Uhr<br>Ort: Gedenkstein im Donaupark<\/strong><br>Koordinaten: <a href=\"https:\/\/maps.app.goo.gl\/Jh2b1JhBUGicR55TA\">https:\/\/maps.app.goo.gl\/Jh2b1JhBUGicR55TA<\/a><br><\/p>\n\n\n\n<p><strong>Programm: <\/strong><\/p>\n\n\n\n<p>&#8211; tba &#8211;<br><br>Anfahrt U1 bis Alte Donau, Ausgang Arbeiterstrandbadstra\u00dfe, rechts halten, etwa 400 Meter Richtung Nordwesten, dann in den Donaupark einbiegen. Der Gedenkstein befindet sich auf dem parallel zur Arbeiterstrandbadstra\u00dfe verlaufenden Parkweg.<\/p>\n\n\n\n<p><br>Wir w\u00fcrden uns \u00fcber Ihre Teilnahme sehr freuen. F\u00fcr weitere Informationen steht Ihnen Thomas Geldmacher (<a class=\"\" href=\"mailto:geldmacher@rundumberatung.at\">geldmacher@rundumberatung.at<\/a>, 0664 517 56 13) jederzeit zur Verf\u00fcgung.<br>Ich hoffe, wir sehen uns. Leitet diese Einladung gern an potenziell Interessierte weiter.<\/p>\n\n\n\n<p><br>Herzliche Gr\u00fc\u00dfe,<br>Thomas Geldmacher<br>f\u00fcr das Personenkomitees \u00bbGerechtigkeit f\u00fcr die Opfer der NS-Milit\u00e4rjustiz\u00ab Maurer Lange Gasse 15 1230 Wien<\/p>\n ","protected":false},"excerpt":{"rendered":"<p>Sehr geehrte Damen und Herren, liebe Freundinnen und Freunde,es ist wieder einmal Nationalfeiertag, also treffen wir uns, wie jedes Jahr, zu unserer mittlerweile bereits traditionellen Gedenkveranstaltung in Kagran.\u00a0 Nie wieder Gleichschritt! 24. Gedenkveranstaltung f\u00fcr die Opfer der NS-Milit\u00e4rjustiz. Das Personenkomitee &hellip; <a href=\"https:\/\/deserteursdenkmal.at\/wordpress\/2025\/09\/5196\/\">Weiterlesen <span class=\"meta-nav\">&rarr;<\/span><\/a><\/p>\n","protected":false},"author":1,"featured_media":0,"comment_status":"closed","ping_status":"closed","sticky":false,"template":"","format":"standard","meta":[],"categories":[102],"tags":[],"_links":{"self":[{"href":"https:\/\/deserteursdenkmal.at\/wordpress\/wp-json\/wp\/v2\/posts\/5196"}],"collection":[{"href":"https:\/\/deserteursdenkmal.at\/wordpress\/wp-json\/wp\/v2\/posts"}],"about":[{"href":"https:\/\/deserteursdenkmal.at\/wordpress\/wp-json\/wp\/v2\/types\/post"}],"author":[{"embeddable":true,"href":"https:\/\/deserteursdenkmal.at\/wordpress\/wp-json\/wp\/v2\/users\/1"}],"replies":[{"embeddable":true,"href":"https:\/\/deserteursdenkmal.at\/wordpress\/wp-json\/wp\/v2\/comments?post=5196"}],"version-history":[{"count":2,"href":"https:\/\/deserteursdenkmal.at\/wordpress\/wp-json\/wp\/v2\/posts\/5196\/revisions"}],"predecessor-version":[{"id":5199,"href":"https:\/\/deserteursdenkmal.at\/wordpress\/wp-json\/wp\/v2\/posts\/5196\/revisions\/5199"}],"wp:attachment":[{"href":"https:\/\/deserteursdenkmal.at\/wordpress\/wp-json\/wp\/v2\/media?parent=5196"}],"wp:term":[{"taxonomy":"category","embeddable":true,"href":"https:\/\/deserteursdenkmal.at\/wordpress\/wp-json\/wp\/v2\/categories?post=5196"},{"taxonomy":"post_tag","embeddable":true,"href":"https:\/\/deserteursdenkmal.at\/wordpress\/wp-json\/wp\/v2\/tags?post=5196"}],"curies":[{"name":"wp","href":"https:\/\/api.w.org\/{rel}","templated":true}]}}