{"id":4814,"date":"2020-11-01T13:02:00","date_gmt":"2020-11-01T12:02:00","guid":{"rendered":"http:\/\/deserteursdenkmal.at\/wordpress\/?p=4814"},"modified":"2021-03-08T17:12:33","modified_gmt":"2021-03-08T16:12:33","slug":"gedenkveranstaltung-fuer-die-opfer-der-ns-militaerjustiz-in-kagran-2020","status":"publish","type":"post","link":"https:\/\/deserteursdenkmal.at\/wordpress\/2020\/11\/gedenkveranstaltung-fuer-die-opfer-der-ns-militaerjustiz-in-kagran-2020\/","title":{"rendered":"Gedenkveranstaltung f\u00fcr die Opfer der NS-Milit\u00e4rjustiz in Kagran 2020"},"content":{"rendered":"\n<p>Aus der Einladung f\u00fcr die j\u00e4hrliche Gedenkfeier in Kagran:<\/p>\n\n\n\n<div class=\"wp-block-group\"><div class=\"wp-block-group__inner-container\">\n<blockquote class=\"wp-block-quote\"><p>Sehr geehrte Damen und Herren, liebe Freundinnen und Freunde,<br>es wird ein trauriger Nationalfeiertag in Kagran. Die erste Gedenkveranstaltung ohne Richard Wadani.<\/p><p>Und dennoch gilt: <strong>Nie wieder Gleichschritt!<\/strong><br><strong>19. Gedenkveranstaltung f\u00fcr die Opfer der NS-Milit\u00e4rjustiz<\/strong><\/p><p>Das Personenkomitee \u00bbGerechtigkeit f\u00fcr die Opfer der NS-Milit\u00e4rjustiz\u00ab l\u00e4dt herzlich zur 19. Gedenkveranstaltung \u00bbNie wieder Gleichschritt!\u00ab an der ehemaligen Hinrichtungsst\u00e4tte auf dem Gel\u00e4nde des Milit\u00e4rschie\u00dfplatzes Kagran ein. Dort starben zwischen 1938 und 1945 Hunderte wegen Fahnenflucht und Wehrkraftzersetzung zum Tode verurteilte Wehrmachtsoldaten im Kugelhagel von Exekutionskommandos. Wir treffen uns zum Gedenken an alle ungehorsamen Soldaten und ZivilistInnen, die von Wehrmacht und SS ermordet wurden.<\/p><p><br><strong>Zeit: <\/strong>Mo., 26. Oktober 2020, 11 Uhr<br><strong>Ort:<\/strong> Gedenkstein im Donaupark<\/p><p><strong>Programm:<\/strong><\/p><p>&#8211; Thomas Geldmacher, Obmann des Personenkomitees&nbsp;<\/p><p>&#8211; Niki Kunrath, Abgeordneter zum Wiener Gemeinderat und Landtag (Die Gr\u00fcnen)<\/p><p>&#8211; Albert Dlabaja, Musik<\/p><\/blockquote>\n\n\n\n<p><strong>Mitschnitt der Gedenkfeier (Radio Orange, 94.0, Wiens freies Radio):<\/strong><\/p>\n\n\n\n<figure class=\"wp-block-embed is-type-wp-embed is-provider-cba-cultural-broadcasting-archive wp-block-embed-cba-cultural-broadcasting-archive\"><div class=\"wp-block-embed__wrapper\">\n<blockquote class=\"wp-embedded-content\" data-secret=\"6XyC3gcEVo\"><a href=\"https:\/\/cba.fro.at\/476085\">Nie wieder Gleichschritt! Gedenken Deserteure und alle anderen Opfer der NS-Milit\u00e4rjustiz am 26.10.2020<\/a><\/blockquote><iframe class=\"wp-embedded-content\" sandbox=\"allow-scripts\" security=\"restricted\" style=\"position: absolute; clip: rect(1px, 1px, 1px, 1px);\" title=\"&#8220;Nie wieder Gleichschritt! Gedenken Deserteure und alle anderen Opfer der NS-Milit\u00e4rjustiz am 26.10.2020&#8221; &#8212; cba - cultural broadcasting archive\" src=\"https:\/\/cba.fro.at\/476085\/embed#?secret=6XyC3gcEVo\" data-secret=\"6XyC3gcEVo\" width=\"584\" height=\"329\" frameborder=\"0\" marginwidth=\"0\" marginheight=\"0\" scrolling=\"no\"><\/iframe>\n<\/div><\/figure>\n\n\n\n<p><strong>Fotos von der Gedenkfeier (Niki Kunrath):<\/strong><\/p>\n\n\n\n<div class=\"wp-block-group\"><div class=\"wp-block-group__inner-container\">\n<figure class=\"wp-block-gallery columns-3 is-cropped\"><ul class=\"blocks-gallery-grid\"><li class=\"blocks-gallery-item\"><figure><a href=\"http:\/\/deserteursdenkmal.at\/wordpress\/wp-content\/uploads\/2021\/03\/kagran_2020_05.jpg\"><img loading=\"lazy\" width=\"1024\" height=\"498\" src=\"http:\/\/deserteursdenkmal.at\/wordpress\/wp-content\/uploads\/2021\/03\/kagran_2020_05-1024x498.jpg\" alt=\"\" data-id=\"4856\" data-full-url=\"http:\/\/deserteursdenkmal.at\/wordpress\/wp-content\/uploads\/2021\/03\/kagran_2020_05.jpg\" data-link=\"http:\/\/deserteursdenkmal.at\/wordpress\/kagran_2020_05\/\" class=\"wp-image-4856\" srcset=\"https:\/\/deserteursdenkmal.at\/wordpress\/wp-content\/uploads\/2021\/03\/kagran_2020_05-1024x498.jpg 1024w, https:\/\/deserteursdenkmal.at\/wordpress\/wp-content\/uploads\/2021\/03\/kagran_2020_05-300x146.jpg 300w, https:\/\/deserteursdenkmal.at\/wordpress\/wp-content\/uploads\/2021\/03\/kagran_2020_05-768x373.jpg 768w, https:\/\/deserteursdenkmal.at\/wordpress\/wp-content\/uploads\/2021\/03\/kagran_2020_05-1536x747.jpg 1536w, https:\/\/deserteursdenkmal.at\/wordpress\/wp-content\/uploads\/2021\/03\/kagran_2020_05-500x243.jpg 500w, https:\/\/deserteursdenkmal.at\/wordpress\/wp-content\/uploads\/2021\/03\/kagran_2020_05.jpg 1600w\" sizes=\"(max-width: 1024px) 100vw, 1024px\" \/><\/a><figcaption class=\"blocks-gallery-item__caption\">Begr\u00fc\u00dfung durch Obmann Thomas Geldmacher, Kagran 2020, Foto: Niki Kunrath<\/figcaption><\/figure><\/li><li class=\"blocks-gallery-item\"><figure><a href=\"http:\/\/deserteursdenkmal.at\/wordpress\/wp-content\/uploads\/2021\/03\/kagran_2020_03.jpg\"><img loading=\"lazy\" width=\"498\" height=\"1024\" src=\"http:\/\/deserteursdenkmal.at\/wordpress\/wp-content\/uploads\/2021\/03\/kagran_2020_03-498x1024.jpg\" alt=\"\" data-id=\"4854\" data-full-url=\"http:\/\/deserteursdenkmal.at\/wordpress\/wp-content\/uploads\/2021\/03\/kagran_2020_03.jpg\" data-link=\"http:\/\/deserteursdenkmal.at\/wordpress\/kagran_2020_03\/\" class=\"wp-image-4854\" srcset=\"https:\/\/deserteursdenkmal.at\/wordpress\/wp-content\/uploads\/2021\/03\/kagran_2020_03-498x1024.jpg 498w, https:\/\/deserteursdenkmal.at\/wordpress\/wp-content\/uploads\/2021\/03\/kagran_2020_03-146x300.jpg 146w, https:\/\/deserteursdenkmal.at\/wordpress\/wp-content\/uploads\/2021\/03\/kagran_2020_03-768x1579.jpg 768w, https:\/\/deserteursdenkmal.at\/wordpress\/wp-content\/uploads\/2021\/03\/kagran_2020_03-747x1536.jpg 747w, https:\/\/deserteursdenkmal.at\/wordpress\/wp-content\/uploads\/2021\/03\/kagran_2020_03.jpg 778w\" sizes=\"(max-width: 498px) 100vw, 498px\" \/><\/a><figcaption class=\"blocks-gallery-item__caption\">Musik Albert Dlabaja, Kagran 2020, Foto: Niki Kunrath<\/figcaption><\/figure><\/li><li class=\"blocks-gallery-item\"><figure><a href=\"http:\/\/deserteursdenkmal.at\/wordpress\/wp-content\/uploads\/2021\/03\/kagran_2020_11.jpg\"><img loading=\"lazy\" width=\"1024\" height=\"498\" src=\"http:\/\/deserteursdenkmal.at\/wordpress\/wp-content\/uploads\/2021\/03\/kagran_2020_11-1024x498.jpg\" alt=\"\" data-id=\"4862\" data-full-url=\"http:\/\/deserteursdenkmal.at\/wordpress\/wp-content\/uploads\/2021\/03\/kagran_2020_11.jpg\" data-link=\"http:\/\/deserteursdenkmal.at\/wordpress\/kagran_2020_11\/\" class=\"wp-image-4862\" srcset=\"https:\/\/deserteursdenkmal.at\/wordpress\/wp-content\/uploads\/2021\/03\/kagran_2020_11-1024x498.jpg 1024w, https:\/\/deserteursdenkmal.at\/wordpress\/wp-content\/uploads\/2021\/03\/kagran_2020_11-300x146.jpg 300w, https:\/\/deserteursdenkmal.at\/wordpress\/wp-content\/uploads\/2021\/03\/kagran_2020_11-768x373.jpg 768w, https:\/\/deserteursdenkmal.at\/wordpress\/wp-content\/uploads\/2021\/03\/kagran_2020_11-1536x747.jpg 1536w, https:\/\/deserteursdenkmal.at\/wordpress\/wp-content\/uploads\/2021\/03\/kagran_2020_11-500x243.jpg 500w, https:\/\/deserteursdenkmal.at\/wordpress\/wp-content\/uploads\/2021\/03\/kagran_2020_11.jpg 1600w\" sizes=\"(max-width: 1024px) 100vw, 1024px\" \/><\/a><figcaption class=\"blocks-gallery-item__caption\">Kranzniederlegung David Ellensohn, Kagran 2020, Foto: Niki Kunrath<\/figcaption><\/figure><\/li><li class=\"blocks-gallery-item\"><figure><a href=\"http:\/\/deserteursdenkmal.at\/wordpress\/wp-content\/uploads\/2021\/03\/kagran_2020_10.jpg\"><img loading=\"lazy\" width=\"1024\" height=\"498\" src=\"http:\/\/deserteursdenkmal.at\/wordpress\/wp-content\/uploads\/2021\/03\/kagran_2020_10-1024x498.jpg\" alt=\"\" data-id=\"4861\" data-full-url=\"http:\/\/deserteursdenkmal.at\/wordpress\/wp-content\/uploads\/2021\/03\/kagran_2020_10.jpg\" data-link=\"http:\/\/deserteursdenkmal.at\/wordpress\/kagran_2020_10\/\" class=\"wp-image-4861\" srcset=\"https:\/\/deserteursdenkmal.at\/wordpress\/wp-content\/uploads\/2021\/03\/kagran_2020_10-1024x498.jpg 1024w, https:\/\/deserteursdenkmal.at\/wordpress\/wp-content\/uploads\/2021\/03\/kagran_2020_10-300x146.jpg 300w, https:\/\/deserteursdenkmal.at\/wordpress\/wp-content\/uploads\/2021\/03\/kagran_2020_10-768x373.jpg 768w, https:\/\/deserteursdenkmal.at\/wordpress\/wp-content\/uploads\/2021\/03\/kagran_2020_10-1536x747.jpg 1536w, https:\/\/deserteursdenkmal.at\/wordpress\/wp-content\/uploads\/2021\/03\/kagran_2020_10-500x243.jpg 500w, https:\/\/deserteursdenkmal.at\/wordpress\/wp-content\/uploads\/2021\/03\/kagran_2020_10.jpg 1600w\" sizes=\"(max-width: 1024px) 100vw, 1024px\" \/><\/a><figcaption class=\"blocks-gallery-item__caption\">Kagran 2020, Foto: Niki Kunrath<\/figcaption><\/figure><\/li><li class=\"blocks-gallery-item\"><figure><a href=\"http:\/\/deserteursdenkmal.at\/wordpress\/wp-content\/uploads\/2021\/03\/kagran_2020_09.jpg\"><img loading=\"lazy\" width=\"1024\" height=\"498\" src=\"http:\/\/deserteursdenkmal.at\/wordpress\/wp-content\/uploads\/2021\/03\/kagran_2020_09-1024x498.jpg\" alt=\"\" data-id=\"4860\" data-full-url=\"http:\/\/deserteursdenkmal.at\/wordpress\/wp-content\/uploads\/2021\/03\/kagran_2020_09.jpg\" data-link=\"http:\/\/deserteursdenkmal.at\/wordpress\/kagran_2020_09\/\" class=\"wp-image-4860\" srcset=\"https:\/\/deserteursdenkmal.at\/wordpress\/wp-content\/uploads\/2021\/03\/kagran_2020_09-1024x498.jpg 1024w, https:\/\/deserteursdenkmal.at\/wordpress\/wp-content\/uploads\/2021\/03\/kagran_2020_09-300x146.jpg 300w, https:\/\/deserteursdenkmal.at\/wordpress\/wp-content\/uploads\/2021\/03\/kagran_2020_09-768x373.jpg 768w, https:\/\/deserteursdenkmal.at\/wordpress\/wp-content\/uploads\/2021\/03\/kagran_2020_09-1536x747.jpg 1536w, https:\/\/deserteursdenkmal.at\/wordpress\/wp-content\/uploads\/2021\/03\/kagran_2020_09-500x243.jpg 500w, https:\/\/deserteursdenkmal.at\/wordpress\/wp-content\/uploads\/2021\/03\/kagran_2020_09.jpg 1600w\" sizes=\"(max-width: 1024px) 100vw, 1024px\" \/><\/a><figcaption class=\"blocks-gallery-item__caption\">Kagran 2020, Foto: Niki Kunrath<\/figcaption><\/figure><\/li><li class=\"blocks-gallery-item\"><figure><a href=\"http:\/\/deserteursdenkmal.at\/wordpress\/wp-content\/uploads\/2021\/03\/kagran_2020_08.jpg\"><img loading=\"lazy\" width=\"1024\" height=\"498\" src=\"http:\/\/deserteursdenkmal.at\/wordpress\/wp-content\/uploads\/2021\/03\/kagran_2020_08-1024x498.jpg\" alt=\"\" data-id=\"4859\" data-full-url=\"http:\/\/deserteursdenkmal.at\/wordpress\/wp-content\/uploads\/2021\/03\/kagran_2020_08.jpg\" data-link=\"http:\/\/deserteursdenkmal.at\/wordpress\/kagran_2020_08\/\" class=\"wp-image-4859\" srcset=\"https:\/\/deserteursdenkmal.at\/wordpress\/wp-content\/uploads\/2021\/03\/kagran_2020_08-1024x498.jpg 1024w, https:\/\/deserteursdenkmal.at\/wordpress\/wp-content\/uploads\/2021\/03\/kagran_2020_08-300x146.jpg 300w, https:\/\/deserteursdenkmal.at\/wordpress\/wp-content\/uploads\/2021\/03\/kagran_2020_08-768x373.jpg 768w, https:\/\/deserteursdenkmal.at\/wordpress\/wp-content\/uploads\/2021\/03\/kagran_2020_08-1536x747.jpg 1536w, https:\/\/deserteursdenkmal.at\/wordpress\/wp-content\/uploads\/2021\/03\/kagran_2020_08-500x243.jpg 500w, https:\/\/deserteursdenkmal.at\/wordpress\/wp-content\/uploads\/2021\/03\/kagran_2020_08.jpg 1600w\" sizes=\"(max-width: 1024px) 100vw, 1024px\" \/><\/a><figcaption class=\"blocks-gallery-item__caption\">Kagran 2020, Foto: Niki Kunrath<\/figcaption><\/figure><\/li><li class=\"blocks-gallery-item\"><figure><a href=\"http:\/\/deserteursdenkmal.at\/wordpress\/wp-content\/uploads\/2021\/03\/kagran_2020_06.jpg\"><img loading=\"lazy\" width=\"1024\" height=\"498\" src=\"http:\/\/deserteursdenkmal.at\/wordpress\/wp-content\/uploads\/2021\/03\/kagran_2020_06-1024x498.jpg\" alt=\"\" data-id=\"4857\" data-full-url=\"http:\/\/deserteursdenkmal.at\/wordpress\/wp-content\/uploads\/2021\/03\/kagran_2020_06.jpg\" data-link=\"http:\/\/deserteursdenkmal.at\/wordpress\/kagran_2020_06\/\" class=\"wp-image-4857\" srcset=\"https:\/\/deserteursdenkmal.at\/wordpress\/wp-content\/uploads\/2021\/03\/kagran_2020_06-1024x498.jpg 1024w, https:\/\/deserteursdenkmal.at\/wordpress\/wp-content\/uploads\/2021\/03\/kagran_2020_06-300x146.jpg 300w, https:\/\/deserteursdenkmal.at\/wordpress\/wp-content\/uploads\/2021\/03\/kagran_2020_06-768x373.jpg 768w, https:\/\/deserteursdenkmal.at\/wordpress\/wp-content\/uploads\/2021\/03\/kagran_2020_06-1536x747.jpg 1536w, https:\/\/deserteursdenkmal.at\/wordpress\/wp-content\/uploads\/2021\/03\/kagran_2020_06-500x243.jpg 500w, https:\/\/deserteursdenkmal.at\/wordpress\/wp-content\/uploads\/2021\/03\/kagran_2020_06.jpg 1600w\" sizes=\"(max-width: 1024px) 100vw, 1024px\" \/><\/a><figcaption class=\"blocks-gallery-item__caption\">Kagran 2020, Foto: Niki Kunrath<\/figcaption><\/figure><\/li><li class=\"blocks-gallery-item\"><figure><a href=\"http:\/\/deserteursdenkmal.at\/wordpress\/wp-content\/uploads\/2021\/03\/kagran_2020_04.jpg\"><img loading=\"lazy\" width=\"1024\" height=\"498\" src=\"http:\/\/deserteursdenkmal.at\/wordpress\/wp-content\/uploads\/2021\/03\/kagran_2020_04-1024x498.jpg\" alt=\"\" data-id=\"4855\" data-full-url=\"http:\/\/deserteursdenkmal.at\/wordpress\/wp-content\/uploads\/2021\/03\/kagran_2020_04.jpg\" data-link=\"http:\/\/deserteursdenkmal.at\/wordpress\/kagran_2020_04\/\" class=\"wp-image-4855\" srcset=\"https:\/\/deserteursdenkmal.at\/wordpress\/wp-content\/uploads\/2021\/03\/kagran_2020_04-1024x498.jpg 1024w, https:\/\/deserteursdenkmal.at\/wordpress\/wp-content\/uploads\/2021\/03\/kagran_2020_04-300x146.jpg 300w, https:\/\/deserteursdenkmal.at\/wordpress\/wp-content\/uploads\/2021\/03\/kagran_2020_04-768x373.jpg 768w, https:\/\/deserteursdenkmal.at\/wordpress\/wp-content\/uploads\/2021\/03\/kagran_2020_04-1536x747.jpg 1536w, https:\/\/deserteursdenkmal.at\/wordpress\/wp-content\/uploads\/2021\/03\/kagran_2020_04-500x243.jpg 500w, https:\/\/deserteursdenkmal.at\/wordpress\/wp-content\/uploads\/2021\/03\/kagran_2020_04.jpg 1600w\" sizes=\"(max-width: 1024px) 100vw, 1024px\" \/><\/a><figcaption class=\"blocks-gallery-item__caption\">Kagran 2020, Foto: Niki Kunrath<\/figcaption><\/figure><\/li><li class=\"blocks-gallery-item\"><figure><a href=\"http:\/\/deserteursdenkmal.at\/wordpress\/wp-content\/uploads\/2021\/03\/kagran_2020_01.jpg\"><img loading=\"lazy\" width=\"498\" height=\"1024\" src=\"http:\/\/deserteursdenkmal.at\/wordpress\/wp-content\/uploads\/2021\/03\/kagran_2020_01-498x1024.jpg\" alt=\"\" data-id=\"4852\" data-full-url=\"http:\/\/deserteursdenkmal.at\/wordpress\/wp-content\/uploads\/2021\/03\/kagran_2020_01.jpg\" data-link=\"http:\/\/deserteursdenkmal.at\/wordpress\/kagran_2020_01\/\" class=\"wp-image-4852\" srcset=\"https:\/\/deserteursdenkmal.at\/wordpress\/wp-content\/uploads\/2021\/03\/kagran_2020_01-498x1024.jpg 498w, https:\/\/deserteursdenkmal.at\/wordpress\/wp-content\/uploads\/2021\/03\/kagran_2020_01-146x300.jpg 146w, https:\/\/deserteursdenkmal.at\/wordpress\/wp-content\/uploads\/2021\/03\/kagran_2020_01-768x1579.jpg 768w, https:\/\/deserteursdenkmal.at\/wordpress\/wp-content\/uploads\/2021\/03\/kagran_2020_01-747x1536.jpg 747w, https:\/\/deserteursdenkmal.at\/wordpress\/wp-content\/uploads\/2021\/03\/kagran_2020_01.jpg 778w\" sizes=\"(max-width: 498px) 100vw, 498px\" \/><\/a><figcaption class=\"blocks-gallery-item__caption\">Kagran 2020, Foto: Niki Kunrath<\/figcaption><\/figure><\/li><li class=\"blocks-gallery-item\"><figure><a href=\"http:\/\/deserteursdenkmal.at\/wordpress\/wp-content\/uploads\/2021\/03\/kagran_2020_02.jpg\"><img loading=\"lazy\" width=\"1024\" height=\"498\" src=\"http:\/\/deserteursdenkmal.at\/wordpress\/wp-content\/uploads\/2021\/03\/kagran_2020_02-1024x498.jpg\" alt=\"\" data-id=\"4853\" data-full-url=\"http:\/\/deserteursdenkmal.at\/wordpress\/wp-content\/uploads\/2021\/03\/kagran_2020_02.jpg\" data-link=\"http:\/\/deserteursdenkmal.at\/wordpress\/kagran_2020_02\/\" class=\"wp-image-4853\" srcset=\"https:\/\/deserteursdenkmal.at\/wordpress\/wp-content\/uploads\/2021\/03\/kagran_2020_02-1024x498.jpg 1024w, https:\/\/deserteursdenkmal.at\/wordpress\/wp-content\/uploads\/2021\/03\/kagran_2020_02-300x146.jpg 300w, https:\/\/deserteursdenkmal.at\/wordpress\/wp-content\/uploads\/2021\/03\/kagran_2020_02-768x373.jpg 768w, https:\/\/deserteursdenkmal.at\/wordpress\/wp-content\/uploads\/2021\/03\/kagran_2020_02-1536x747.jpg 1536w, https:\/\/deserteursdenkmal.at\/wordpress\/wp-content\/uploads\/2021\/03\/kagran_2020_02-500x243.jpg 500w, https:\/\/deserteursdenkmal.at\/wordpress\/wp-content\/uploads\/2021\/03\/kagran_2020_02.jpg 1600w\" sizes=\"(max-width: 1024px) 100vw, 1024px\" \/><\/a><figcaption class=\"blocks-gallery-item__caption\">Kagran 2020, Foto: Niki Kunrath<\/figcaption><\/figure><\/li><\/ul><\/figure>\n<\/div><\/div>\n<\/div><\/div>\n ","protected":false},"excerpt":{"rendered":"<p>Aus der Einladung f\u00fcr die j\u00e4hrliche Gedenkfeier in Kagran:<\/p>\n","protected":false},"author":1,"featured_media":0,"comment_status":"closed","ping_status":"closed","sticky":false,"template":"","format":"standard","meta":[],"categories":[102],"tags":[157,112,103],"_links":{"self":[{"href":"https:\/\/deserteursdenkmal.at\/wordpress\/wp-json\/wp\/v2\/posts\/4814"}],"collection":[{"href":"https:\/\/deserteursdenkmal.at\/wordpress\/wp-json\/wp\/v2\/posts"}],"about":[{"href":"https:\/\/deserteursdenkmal.at\/wordpress\/wp-json\/wp\/v2\/types\/post"}],"author":[{"embeddable":true,"href":"https:\/\/deserteursdenkmal.at\/wordpress\/wp-json\/wp\/v2\/users\/1"}],"replies":[{"embeddable":true,"href":"https:\/\/deserteursdenkmal.at\/wordpress\/wp-json\/wp\/v2\/comments?post=4814"}],"version-history":[{"count":3,"href":"https:\/\/deserteursdenkmal.at\/wordpress\/wp-json\/wp\/v2\/posts\/4814\/revisions"}],"predecessor-version":[{"id":4864,"href":"https:\/\/deserteursdenkmal.at\/wordpress\/wp-json\/wp\/v2\/posts\/4814\/revisions\/4864"}],"wp:attachment":[{"href":"https:\/\/deserteursdenkmal.at\/wordpress\/wp-json\/wp\/v2\/media?parent=4814"}],"wp:term":[{"taxonomy":"category","embeddable":true,"href":"https:\/\/deserteursdenkmal.at\/wordpress\/wp-json\/wp\/v2\/categories?post=4814"},{"taxonomy":"post_tag","embeddable":true,"href":"https:\/\/deserteursdenkmal.at\/wordpress\/wp-json\/wp\/v2\/tags?post=4814"}],"curies":[{"name":"wp","href":"https:\/\/api.w.org\/{rel}","templated":true}]}}