{"id":4716,"date":"2017-10-19T12:09:17","date_gmt":"2017-10-19T10:09:17","guid":{"rendered":"http:\/\/deserteursdenkmal.at\/wordpress\/?p=4716"},"modified":"2017-10-27T13:38:30","modified_gmt":"2017-10-27T11:38:30","slug":"gedenkfeier-kagran-2017","status":"publish","type":"post","link":"https:\/\/deserteursdenkmal.at\/wordpress\/2017\/10\/gedenkfeier-kagran-2017\/","title":{"rendered":"Gedenkveranstaltung f\u00fcr die Opfer der NS-Milit\u00e4rjustiz in Kagran 2017"},"content":{"rendered":"<p>Bei bestem Wetter fand auch heuer wieder eine Gedenkfeier im Donaupark im Andenken an die dort hingerichteten Personen statt. Neben der Einladung geben wir im Folgenden Fotos und Mitschnitte von der Feier wieder.<\/p>\n<blockquote><p><strong>16. Gedenkveranstaltung f\u00fcr die Opfer der NS-Milit\u00e4rjustiz<\/strong><\/p>\n<p>Das Personenkomitee \u00bbGerechtigkeit f\u00fcr die Opfer der NS-Milit\u00e4rjustiz\u00ab l\u00e4dt herzlich zur 16. Gedenkveranstaltung \u00bbNie wieder Gleichschritt!\u00ab an der ehemaligen Hinrichtungsst\u00e4tte auf dem Gel\u00e4nde des Milit\u00e4rschie\u00dfplatzes Kagran ein. Dort starben zwischen 1938 und 1945 Hunderte wegen Fahnenflucht und Wehrkraftzersetzung zum Tode verurteilte Wehrmachtsoldaten im Kugelhagel von Exekutionskommandos. Wir treffen uns zum Gedenken an alle ungehorsamen Soldaten und ZivilistInnen, die von Wehrmacht und SS ermordet wurden.<\/p>\n<p><strong>Zeit: Do., 26. Oktober 2017, 11 Uhr<\/strong><\/p>\n<p><strong>Ort: Gedenktafel im Donaupark<\/strong><\/p>\n<p><strong>Hinweis: Es wird seitens der VeranstalterInnen heuer <span style=\"text-decoration: underline;\">keinen Kranz<\/span> geben. Wir bitten alle Schnittblumen der eigenen Wahl mitzunehmen um diese am Ende der Veranstaltung als Form des Gedenkens beim Denkmal abzulegen.<\/strong><\/p>\n<p><i>Es sprechen<\/i><\/p>\n<ul>\n<li>Thomas Geldmacher \/ Obmann des Personenkomitees<\/li>\n<li>Andrea Stangl \/ Vorsitzende Kulturkommission Leopoldstadt<\/li>\n<li>Albert Dlabaja trug das Lied &#8220;Der Deserteur&#8221; (v. Rudi Burda) vor [Nachtrag 27.10.]<\/li>\n<li>Richard Wadani \/ Ehrenobmann Personenkomitee [Nachtrag 27.10.]<\/li>\n<\/ul>\n<p><i>Anfahrt: <\/i>U1 bis Alte Donau, Ausgang Arbeiterstrandbadstra\u00dfe, rechts halten, etwa 400 Meter Richtung Nordwesten, dann in den Donaupark einbiegen. Der Gedenkstein befindet sich auf dem parallel zur Arbeiterstrandbadstra\u00dfe verlaufenden Parkweg.<\/p>\n<p>Link zur Einladung als PDF: <a href=\"http:\/\/deserteursdenkmal.at\/wordpress\/wp-content\/uploads\/2017\/10\/Einladung-Gedenkveranstaltung-Kagran_2017.pdf\">Einladung 2017.<\/a><\/p><\/blockquote>\n\n\t\t<style type=\"text\/css\">\n\t\t\t#gallery-1 {\n\t\t\t\tmargin: auto;\n\t\t\t}\n\t\t\t#gallery-1 .gallery-item {\n\t\t\t\tfloat: left;\n\t\t\t\tmargin-top: 10px;\n\t\t\t\ttext-align: center;\n\t\t\t\twidth: 33%;\n\t\t\t}\n\t\t\t#gallery-1 img {\n\t\t\t\tborder: 2px solid #cfcfcf;\n\t\t\t}\n\t\t\t#gallery-1 .gallery-caption {\n\t\t\t\tmargin-left: 0;\n\t\t\t}\n\t\t\t\/* see gallery_shortcode() in wp-includes\/media.php *\/\n\t\t<\/style>\n\t\t<div id='gallery-1' class='gallery galleryid-4716 gallery-columns-3 gallery-size-thumbnail'><dl class='gallery-item'>\n\t\t\t<dt class='gallery-icon landscape'>\n\t\t\t\t<a href='https:\/\/deserteursdenkmal.at\/wordpress\/2017\/10\/gedenkfeier-kagran-2017\/gedenkfeier_kagran_2017_2\/'><img width=\"150\" height=\"150\" src=\"https:\/\/deserteursdenkmal.at\/wordpress\/wp-content\/uploads\/2017\/10\/Gedenkfeier_Kagran_2017_2-150x150.jpg\" class=\"attachment-thumbnail size-thumbnail\" alt=\"\" loading=\"lazy\" aria-describedby=\"gallery-1-4734\" \/><\/a>\n\t\t\t<\/dt>\n\t\t\t\t<dd class='wp-caption-text gallery-caption' id='gallery-1-4734'>\n\t\t\t\tThomas Geldmacher bei der Begr\u00fc\u00dfung &#8211; Kagran 2017  (Foto: Archiv Personenkomitee) \n\t\t\t\t<\/dd><\/dl><dl class='gallery-item'>\n\t\t\t<dt class='gallery-icon portrait'>\n\t\t\t\t<a href='https:\/\/deserteursdenkmal.at\/wordpress\/2017\/10\/gedenkfeier-kagran-2017\/gedenkfeier_kagran_2017_1\/'><img width=\"150\" height=\"150\" src=\"https:\/\/deserteursdenkmal.at\/wordpress\/wp-content\/uploads\/2017\/10\/Gedenkfeier_Kagran_2017_1-150x150.jpg\" class=\"attachment-thumbnail size-thumbnail\" alt=\"\" loading=\"lazy\" aria-describedby=\"gallery-1-4735\" \/><\/a>\n\t\t\t<\/dt>\n\t\t\t\t<dd class='wp-caption-text gallery-caption' id='gallery-1-4735'>\n\t\t\t\tRichard und Linde Wadani unter den TeilnehmerInnen &#8211; Kagran 2017  (Foto: Archiv Personenkomitee) \n\t\t\t\t<\/dd><\/dl><dl class='gallery-item'>\n\t\t\t<dt class='gallery-icon landscape'>\n\t\t\t\t<a href='https:\/\/deserteursdenkmal.at\/wordpress\/2017\/10\/gedenkfeier-kagran-2017\/gedenkfeier_kagran_2017_8\/'><img width=\"150\" height=\"150\" src=\"https:\/\/deserteursdenkmal.at\/wordpress\/wp-content\/uploads\/2017\/10\/Gedenkfeier_Kagran_2017_8-150x150.jpg\" class=\"attachment-thumbnail size-thumbnail\" alt=\"\" loading=\"lazy\" aria-describedby=\"gallery-1-4728\" \/><\/a>\n\t\t\t<\/dt>\n\t\t\t\t<dd class='wp-caption-text gallery-caption' id='gallery-1-4728'>\n\t\t\t\tThomas Geldmacher begr\u00fc\u00dft die TeilnehmerInnen &#8211; Kagran 2017  (Foto: Archiv Personenkomitee) \n\t\t\t\t<\/dd><\/dl><br style=\"clear: both\" \/><dl class='gallery-item'>\n\t\t\t<dt class='gallery-icon portrait'>\n\t\t\t\t<a href='https:\/\/deserteursdenkmal.at\/wordpress\/2017\/10\/gedenkfeier-kagran-2017\/gedenkfeier_kagran_2017_9\/'><img width=\"150\" height=\"150\" src=\"https:\/\/deserteursdenkmal.at\/wordpress\/wp-content\/uploads\/2017\/10\/Gedenkfeier_Kagran_2017_9-150x150.jpg\" class=\"attachment-thumbnail size-thumbnail\" alt=\"\" loading=\"lazy\" aria-describedby=\"gallery-1-4736\" \/><\/a>\n\t\t\t<\/dt>\n\t\t\t\t<dd class='wp-caption-text gallery-caption' id='gallery-1-4736'>\n\t\t\t\tAndrea Stangl berichtet aus ihrer Arbeit in der Bezirksvertretung  &#8211; Kagran 2017  (Foto: Archiv Personenkomitee) \n\t\t\t\t<\/dd><\/dl><dl class='gallery-item'>\n\t\t\t<dt class='gallery-icon landscape'>\n\t\t\t\t<a href='https:\/\/deserteursdenkmal.at\/wordpress\/2017\/10\/gedenkfeier-kagran-2017\/gedenkfeier_kagran_2017_4\/'><img width=\"150\" height=\"150\" src=\"https:\/\/deserteursdenkmal.at\/wordpress\/wp-content\/uploads\/2017\/10\/Gedenkfeier_Kagran_2017_4-150x150.jpg\" class=\"attachment-thumbnail size-thumbnail\" alt=\"\" loading=\"lazy\" aria-describedby=\"gallery-1-4732\" \/><\/a>\n\t\t\t<\/dt>\n\t\t\t\t<dd class='wp-caption-text gallery-caption' id='gallery-1-4732'>\n\t\t\t\tAlbert Dlabaja tr\u00e4gt ein politisches Wienerlied mit dem Thema &#8220;Deserteur&#8221; vor &#8211; Kagran 2017  (Foto: Archiv Personenkomitee) \n\t\t\t\t<\/dd><\/dl><dl class='gallery-item'>\n\t\t\t<dt class='gallery-icon portrait'>\n\t\t\t\t<a href='https:\/\/deserteursdenkmal.at\/wordpress\/2017\/10\/gedenkfeier-kagran-2017\/gedenkfeier_kagran_2017_5\/'><img width=\"150\" height=\"150\" src=\"https:\/\/deserteursdenkmal.at\/wordpress\/wp-content\/uploads\/2017\/10\/Gedenkfeier_Kagran_2017_5-150x150.jpg\" class=\"attachment-thumbnail size-thumbnail\" alt=\"\" loading=\"lazy\" aria-describedby=\"gallery-1-4731\" \/><\/a>\n\t\t\t<\/dt>\n\t\t\t\t<dd class='wp-caption-text gallery-caption' id='gallery-1-4731'>\n\t\t\t\tRichard Wadani schlie\u00dft die Veranstaltung mit einem Redebeitrag &#8211; Kagran 2017  (Foto: Archiv Personenkomitee) \n\t\t\t\t<\/dd><\/dl><br style=\"clear: both\" \/><dl class='gallery-item'>\n\t\t\t<dt class='gallery-icon portrait'>\n\t\t\t\t<a href='https:\/\/deserteursdenkmal.at\/wordpress\/2017\/10\/gedenkfeier-kagran-2017\/gedenkfeier_kagran_2017_6\/'><img width=\"150\" height=\"150\" src=\"https:\/\/deserteursdenkmal.at\/wordpress\/wp-content\/uploads\/2017\/10\/Gedenkfeier_Kagran_2017_6-150x150.jpg\" class=\"attachment-thumbnail size-thumbnail\" alt=\"\" loading=\"lazy\" aria-describedby=\"gallery-1-4738\" \/><\/a>\n\t\t\t<\/dt>\n\t\t\t\t<dd class='wp-caption-text gallery-caption' id='gallery-1-4738'>\n\t\t\t\tRichard Wadani schlie\u00dft die Veranstaltung mit einem Redebeitrag &#8211; Kagran 2017  (Foto: Archiv Personenkomitee) \n\t\t\t\t<\/dd><\/dl><dl class='gallery-item'>\n\t\t\t<dt class='gallery-icon landscape'>\n\t\t\t\t<a href='https:\/\/deserteursdenkmal.at\/wordpress\/2017\/10\/gedenkfeier-kagran-2017\/gedenkfeier_kagran_2017_3\/'><img width=\"150\" height=\"150\" src=\"https:\/\/deserteursdenkmal.at\/wordpress\/wp-content\/uploads\/2017\/10\/Gedenkfeier_Kagran_2017_3-150x150.jpg\" class=\"attachment-thumbnail size-thumbnail\" alt=\"\" loading=\"lazy\" aria-describedby=\"gallery-1-4733\" \/><\/a>\n\t\t\t<\/dt>\n\t\t\t\t<dd class='wp-caption-text gallery-caption' id='gallery-1-4733'>\n\t\t\t\tRichard und Linde Wadani diskutieren vor der Feier mit TeilnehmerInnen &#8211; Kagran 2017  (Foto: Archiv Personenkomitee) \n\t\t\t\t<\/dd><\/dl>\n\t\t\t<br style='clear: both' \/>\n\t\t<\/div>\n\n<p>Auch ein Video von der Gedenkfeier gibt es:<\/p>\n<p><a href=\"https:\/\/www.youtube.com\/watch?v=eycMOxK2Nvo\"><img loading=\"lazy\" class=\"alignleft size-full wp-image-4741\" alt=\"video\" src=\"http:\/\/deserteursdenkmal.at\/wordpress\/wp-content\/uploads\/2017\/10\/video.png\" width=\"852\" height=\"563\" srcset=\"https:\/\/deserteursdenkmal.at\/wordpress\/wp-content\/uploads\/2017\/10\/video.png 852w, https:\/\/deserteursdenkmal.at\/wordpress\/wp-content\/uploads\/2017\/10\/video-300x198.png 300w, https:\/\/deserteursdenkmal.at\/wordpress\/wp-content\/uploads\/2017\/10\/video-453x300.png 453w\" sizes=\"(max-width: 852px) 100vw, 852px\" \/><\/a><\/p>\n ","protected":false},"excerpt":{"rendered":"<p>Bei bestem Wetter fand auch heuer wieder eine Gedenkfeier im Donaupark im Andenken an die dort hingerichteten Personen statt. Neben der Einladung geben wir im Folgenden Fotos und Mitschnitte von der Feier wieder. 16. Gedenkveranstaltung f\u00fcr die Opfer der NS-Milit\u00e4rjustiz &hellip; <a href=\"https:\/\/deserteursdenkmal.at\/wordpress\/2017\/10\/gedenkfeier-kagran-2017\/\">Weiterlesen <span class=\"meta-nav\">&rarr;<\/span><\/a><\/p>\n","protected":false},"author":1,"featured_media":0,"comment_status":"closed","ping_status":"closed","sticky":false,"template":"","format":"standard","meta":[],"categories":[102],"tags":[112,103],"_links":{"self":[{"href":"https:\/\/deserteursdenkmal.at\/wordpress\/wp-json\/wp\/v2\/posts\/4716"}],"collection":[{"href":"https:\/\/deserteursdenkmal.at\/wordpress\/wp-json\/wp\/v2\/posts"}],"about":[{"href":"https:\/\/deserteursdenkmal.at\/wordpress\/wp-json\/wp\/v2\/types\/post"}],"author":[{"embeddable":true,"href":"https:\/\/deserteursdenkmal.at\/wordpress\/wp-json\/wp\/v2\/users\/1"}],"replies":[{"embeddable":true,"href":"https:\/\/deserteursdenkmal.at\/wordpress\/wp-json\/wp\/v2\/comments?post=4716"}],"version-history":[{"count":9,"href":"https:\/\/deserteursdenkmal.at\/wordpress\/wp-json\/wp\/v2\/posts\/4716\/revisions"}],"predecessor-version":[{"id":4724,"href":"https:\/\/deserteursdenkmal.at\/wordpress\/wp-json\/wp\/v2\/posts\/4716\/revisions\/4724"}],"wp:attachment":[{"href":"https:\/\/deserteursdenkmal.at\/wordpress\/wp-json\/wp\/v2\/media?parent=4716"}],"wp:term":[{"taxonomy":"category","embeddable":true,"href":"https:\/\/deserteursdenkmal.at\/wordpress\/wp-json\/wp\/v2\/categories?post=4716"},{"taxonomy":"post_tag","embeddable":true,"href":"https:\/\/deserteursdenkmal.at\/wordpress\/wp-json\/wp\/v2\/tags?post=4716"}],"curies":[{"name":"wp","href":"https:\/\/api.w.org\/{rel}","templated":true}]}}