{"id":2505,"date":"2014-10-26T21:21:57","date_gmt":"2014-10-26T20:21:57","guid":{"rendered":"http:\/\/deserteursdenkmal.at\/wordpress\/?p=2505"},"modified":"2015-05-04T11:03:39","modified_gmt":"2015-05-04T09:03:39","slug":"gedenkfeier_2014","status":"publish","type":"post","link":"https:\/\/deserteursdenkmal.at\/wordpress\/2014\/10\/gedenkfeier_2014\/","title":{"rendered":"Gedenkveranstaltung f\u00fcr die Opfer der NS-Milit\u00e4rjustiz in Kagran 2014"},"content":{"rendered":"<p>F\u00fcr Sonntag, den 26.Oktober 2014 lud das &#8220;Personenkomitee &#8216;Gerechtigkeit f\u00fcr die Opfer der NS-Milit\u00e4rjustiz'&#8221; zur Gedenkfeier nach Kagran. Sowohl Einladung als auch die Feier standen unter dem Eindruck des zwei Tage zuvor er\u00f6ffneten <a href=\"http:\/\/deserteursdenkmal.at\/wordpress\/2014\/10\/eroeffnungsfeier_2014\/\">Deserteursdenkmals am Ballhausplatz.\u00a0<\/a>Aus der Einladung:<\/p>\n<blockquote>\n<div>\n<div>\n<div>\n<div>\n<div>\n<div>\n<p>Auch wenn es kaum m\u00f6glich schien: Die Republik hat sich ver\u00e4ndert. Am 24.\u00a0Oktober 2014 wird der Bundespr\u00e4sident am Ballhausplatz feierlich das\u00a0Denkmal f\u00fcr die Wehrmachtsdeserteure und alle anderen Verfolgten der<br \/>\nNS-Milit\u00e4rjustiz er\u00f6ffnen. Dies wird der vorl\u00e4ufige Endpunkt einer\u00a0Entwicklung sein, die einige wenige, der K\u00e4lte trotzende Unentwegte im\u00a0Herbst 2002 im Donaupark angesto\u00dfen haben. Damals fand beim Gedenkstein\u00a0auf dem Gel\u00e4nde des ehemaligen Milit\u00e4rschie\u00dfplatzes Kagran die erste\u00a0Kranzniederlegung f\u00fcr die Opfer der Wehrmachtsjustiz statt. Wir haben\u00a0einen langen Weg zur\u00fcckgelegt.<\/p>\n<p>Die Gedenkkultur mag \u2013 und das ist ja auch ein Grund zur Freude \u2013 ins\u00a0politische Zentrum ger\u00fcckt sein, aber das ist kein Grund f\u00fcr uns, die\u00a0Peripherie zu vergessen. Wir versammeln uns daher auch heuer wieder <strong>am 26. Oktober 2014 um 10.30 Uhr\u00a0beim Gedenkstein im Donaupark an der Arbeiterstrandbadstra\u00dfe,<\/strong> um der ungehorsamen Soldaten und ZivilistInnen zu gedenken, die zwischen\u00a01938 und 1945 von Wehrmacht und SS ermordet wurden.<\/p>\n<p><strong>Es sprechen:<\/strong><br \/>\n<em>Viktoria Spielmann<\/em>, Vorsitzende der Bundesvertretung der \u00d6sterreichischen\u00a0Hochsch\u00fclerInnenschaft<\/p>\n<p><em>Richard Wadani<\/em>, Wehrmachtsdeserteur und Ehrenobmann des Personenkomitees\u00a0\u201eGerechtigkeit f\u00fcr die Opfer der NS-Milit\u00e4rjustiz\u201c<\/p>\n<\/div>\n<\/div>\n<\/div>\n<\/div>\n<\/div>\n<\/div>\n<\/blockquote>\n<div>\n<div>\n<div>\n<div>\n<div>\n<div>\n<p>Den Text der Rede von Viktoria Spielmann ist <a href=\"http:\/\/www.oeh.ac.at\/blog\/rede-von-viktoria-spielmann-anlaesslich-der-eroeffnung-des-deserteursdenkmals\/\">hier zu finden (Link \u00d6H-Homepage)<\/a>.<\/p>\n<\/div>\n<\/div>\n<\/div>\n<\/div>\n<\/div>\n<\/div>\n<div>\n<div>\n<div>\n<div>\n<div>\n<div>\n\n\t\t<style type=\"text\/css\">\n\t\t\t#gallery-1 {\n\t\t\t\tmargin: auto;\n\t\t\t}\n\t\t\t#gallery-1 .gallery-item {\n\t\t\t\tfloat: left;\n\t\t\t\tmargin-top: 10px;\n\t\t\t\ttext-align: center;\n\t\t\t\twidth: 33%;\n\t\t\t}\n\t\t\t#gallery-1 img {\n\t\t\t\tborder: 2px solid #cfcfcf;\n\t\t\t}\n\t\t\t#gallery-1 .gallery-caption {\n\t\t\t\tmargin-left: 0;\n\t\t\t}\n\t\t\t\/* see gallery_shortcode() in wp-includes\/media.php *\/\n\t\t<\/style>\n\t\t<div id='gallery-1' class='gallery galleryid-2505 gallery-columns-3 gallery-size-thumbnail'><dl class='gallery-item'>\n\t\t\t<dt class='gallery-icon portrait'>\n\t\t\t\t<a href='https:\/\/deserteursdenkmal.at\/wordpress\/2014\/10\/gedenkfeier_2014\/a_20141026-img_9392\/'><img width=\"150\" height=\"150\" src=\"https:\/\/deserteursdenkmal.at\/wordpress\/wp-content\/uploads\/2015\/04\/a_20141026-IMG_9392-150x150.jpg\" class=\"attachment-thumbnail size-thumbnail\" alt=\"\" loading=\"lazy\" aria-describedby=\"gallery-1-2508\" \/><\/a>\n\t\t\t<\/dt>\n\t\t\t\t<dd class='wp-caption-text gallery-caption' id='gallery-1-2508'>\n\t\t\t\tRichard Wadani vor der Feier 2014 (Foto: Archiv Personenkomitee)\n\t\t\t\t<\/dd><\/dl><dl class='gallery-item'>\n\t\t\t<dt class='gallery-icon landscape'>\n\t\t\t\t<a href='https:\/\/deserteursdenkmal.at\/wordpress\/2014\/10\/gedenkfeier_2014\/a_20141026-img_9388\/'><img width=\"150\" height=\"150\" src=\"https:\/\/deserteursdenkmal.at\/wordpress\/wp-content\/uploads\/2015\/04\/a_20141026-IMG_9388-150x150.jpg\" class=\"attachment-thumbnail size-thumbnail\" alt=\"\" loading=\"lazy\" aria-describedby=\"gallery-1-2507\" \/><\/a>\n\t\t\t<\/dt>\n\t\t\t\t<dd class='wp-caption-text gallery-caption' id='gallery-1-2507'>\n\t\t\t\tLinde und Richard Wadani vor der Feier 2014 (Foto: Archiv Personenkomitee)\n\t\t\t\t<\/dd><\/dl><dl class='gallery-item'>\n\t\t\t<dt class='gallery-icon portrait'>\n\t\t\t\t<a href='https:\/\/deserteursdenkmal.at\/wordpress\/2014\/10\/gedenkfeier_2014\/a_20141026-img_9429\/'><img width=\"150\" height=\"150\" src=\"https:\/\/deserteursdenkmal.at\/wordpress\/wp-content\/uploads\/2015\/04\/a_20141026-IMG_9429-150x150.jpg\" class=\"attachment-thumbnail size-thumbnail\" alt=\"\" loading=\"lazy\" aria-describedby=\"gallery-1-2510\" \/><\/a>\n\t\t\t<\/dt>\n\t\t\t\t<dd class='wp-caption-text gallery-caption' id='gallery-1-2510'>\n\t\t\t\tThomas Geldmacher, Obmann des einladenden Personenkomitees, er\u00f6ffnet die Veranstaltung Kagran 2014 (dahinter: Transaprent des KZ-Verbands) (Foto: Archiv Personenkomitee)\n\t\t\t\t<\/dd><\/dl><br style=\"clear: both\" \/><dl class='gallery-item'>\n\t\t\t<dt class='gallery-icon portrait'>\n\t\t\t\t<a href='https:\/\/deserteursdenkmal.at\/wordpress\/2014\/10\/gedenkfeier_2014\/a_20141026-img_9425\/'><img width=\"150\" height=\"150\" src=\"https:\/\/deserteursdenkmal.at\/wordpress\/wp-content\/uploads\/2015\/04\/a_20141026-IMG_9425-150x150.jpg\" class=\"attachment-thumbnail size-thumbnail\" alt=\"\" loading=\"lazy\" aria-describedby=\"gallery-1-2509\" \/><\/a>\n\t\t\t<\/dt>\n\t\t\t\t<dd class='wp-caption-text gallery-caption' id='gallery-1-2509'>\n\t\t\t\tThomas Geldmacher er\u00f6ffnet die Veranstaltung Kagran 2014 (Foto: Archiv Personenkomitee)\n\t\t\t\t<\/dd><\/dl><dl class='gallery-item'>\n\t\t\t<dt class='gallery-icon landscape'>\n\t\t\t\t<a href='https:\/\/deserteursdenkmal.at\/wordpress\/2014\/10\/gedenkfeier_2014\/a_20141026-img_9436\/'><img width=\"150\" height=\"150\" src=\"https:\/\/deserteursdenkmal.at\/wordpress\/wp-content\/uploads\/2015\/04\/a_20141026-IMG_9436-150x150.jpg\" class=\"attachment-thumbnail size-thumbnail\" alt=\"\" loading=\"lazy\" aria-describedby=\"gallery-1-2511\" \/><\/a>\n\t\t\t<\/dt>\n\t\t\t\t<dd class='wp-caption-text gallery-caption' id='gallery-1-2511'>\n\t\t\t\tFestrede Viktoria Spielmann (\u00d6H Bundesvertretung) h\u00e4lt die Festrede, Kagren 2014 (Foto: Archiv Personenkomitee)\n\t\t\t\t<\/dd><\/dl><dl class='gallery-item'>\n\t\t\t<dt class='gallery-icon landscape'>\n\t\t\t\t<a href='https:\/\/deserteursdenkmal.at\/wordpress\/2014\/10\/gedenkfeier_2014\/a_20141026-img_9439\/'><img width=\"150\" height=\"150\" src=\"https:\/\/deserteursdenkmal.at\/wordpress\/wp-content\/uploads\/2015\/04\/a_20141026-IMG_9439-150x150.jpg\" class=\"attachment-thumbnail size-thumbnail\" alt=\"\" loading=\"lazy\" aria-describedby=\"gallery-1-2512\" \/><\/a>\n\t\t\t<\/dt>\n\t\t\t\t<dd class='wp-caption-text gallery-caption' id='gallery-1-2512'>\n\t\t\t\tPublikum w\u00e4hrend Viktoria Spielmanns Rede Kagran 2014 (Foto: Archiv Personenkomitee)\n\t\t\t\t<\/dd><\/dl><br style=\"clear: both\" \/><dl class='gallery-item'>\n\t\t\t<dt class='gallery-icon portrait'>\n\t\t\t\t<a href='https:\/\/deserteursdenkmal.at\/wordpress\/2014\/10\/gedenkfeier_2014\/a_20141026-img_9454\/'><img width=\"150\" height=\"150\" src=\"https:\/\/deserteursdenkmal.at\/wordpress\/wp-content\/uploads\/2015\/04\/a_20141026-IMG_9454-150x150.jpg\" class=\"attachment-thumbnail size-thumbnail\" alt=\"\" loading=\"lazy\" aria-describedby=\"gallery-1-2513\" \/><\/a>\n\t\t\t<\/dt>\n\t\t\t\t<dd class='wp-caption-text gallery-caption' id='gallery-1-2513'>\n\t\t\t\tRichard Wadani h\u00e4lt einen Redebeitrag Kagran 2014 (Foto: Archiv Personenkomitee)\n\t\t\t\t<\/dd><\/dl><dl class='gallery-item'>\n\t\t\t<dt class='gallery-icon landscape'>\n\t\t\t\t<a href='https:\/\/deserteursdenkmal.at\/wordpress\/2014\/10\/gedenkfeier_2014\/a_20141026-img_9473\/'><img width=\"150\" height=\"150\" src=\"https:\/\/deserteursdenkmal.at\/wordpress\/wp-content\/uploads\/2015\/04\/a_20141026-IMG_9473-150x150.jpg\" class=\"attachment-thumbnail size-thumbnail\" alt=\"\" loading=\"lazy\" aria-describedby=\"gallery-1-2514\" \/><\/a>\n\t\t\t<\/dt>\n\t\t\t\t<dd class='wp-caption-text gallery-caption' id='gallery-1-2514'>\n\t\t\t\tKranzniederlegung (Foto: Archiv Personenkomitee)\n\t\t\t\t<\/dd><\/dl><dl class='gallery-item'>\n\t\t\t<dt class='gallery-icon portrait'>\n\t\t\t\t<a href='https:\/\/deserteursdenkmal.at\/wordpress\/2014\/10\/gedenkfeier_2014\/a_20141026-img_9480\/'><img width=\"150\" height=\"150\" src=\"https:\/\/deserteursdenkmal.at\/wordpress\/wp-content\/uploads\/2015\/04\/a_20141026-IMG_9480-150x150.jpg\" class=\"attachment-thumbnail size-thumbnail\" alt=\"\" loading=\"lazy\" aria-describedby=\"gallery-1-2515\" \/><\/a>\n\t\t\t<\/dt>\n\t\t\t\t<dd class='wp-caption-text gallery-caption' id='gallery-1-2515'>\n\t\t\t\tNach der Kranzniederlegung: David Ellensohn, Viktoria Spielmann, Richard Wadani (Foto: Archiv Personenkomitee)\n\t\t\t\t<\/dd><\/dl><br style=\"clear: both\" \/>\n\t\t<\/div>\n\n<p>Alle Fotos zur Verf\u00fcgung gestellt vom Archiv des Vereins &#8220;Personenkomitee &#8216;Gerechtigkeit f\u00fcr die Opfer der NS-Milit\u00e4rjustiz'&#8221;<\/p>\n<\/div>\n<\/div>\n<\/div>\n<\/div>\n<\/div>\n<\/div>\n ","protected":false},"excerpt":{"rendered":"<p>F\u00fcr Sonntag, den 26.Oktober 2014 lud das &#8220;Personenkomitee &#8216;Gerechtigkeit f\u00fcr die Opfer der NS-Milit\u00e4rjustiz&#8217;&#8221; zur Gedenkfeier nach Kagran. Sowohl Einladung als auch die Feier standen unter dem Eindruck des zwei Tage zuvor er\u00f6ffneten Deserteursdenkmals am Ballhausplatz.\u00a0Aus der Einladung: Auch wenn &hellip; <a href=\"https:\/\/deserteursdenkmal.at\/wordpress\/2014\/10\/gedenkfeier_2014\/\">Weiterlesen <span class=\"meta-nav\">&rarr;<\/span><\/a><\/p>\n","protected":false},"author":3,"featured_media":0,"comment_status":"closed","ping_status":"closed","sticky":false,"template":"","format":"standard","meta":[],"categories":[102],"tags":[106,112,116,103,101,111],"_links":{"self":[{"href":"https:\/\/deserteursdenkmal.at\/wordpress\/wp-json\/wp\/v2\/posts\/2505"}],"collection":[{"href":"https:\/\/deserteursdenkmal.at\/wordpress\/wp-json\/wp\/v2\/posts"}],"about":[{"href":"https:\/\/deserteursdenkmal.at\/wordpress\/wp-json\/wp\/v2\/types\/post"}],"author":[{"embeddable":true,"href":"https:\/\/deserteursdenkmal.at\/wordpress\/wp-json\/wp\/v2\/users\/3"}],"replies":[{"embeddable":true,"href":"https:\/\/deserteursdenkmal.at\/wordpress\/wp-json\/wp\/v2\/comments?post=2505"}],"version-history":[{"count":6,"href":"https:\/\/deserteursdenkmal.at\/wordpress\/wp-json\/wp\/v2\/posts\/2505\/revisions"}],"predecessor-version":[{"id":4759,"href":"https:\/\/deserteursdenkmal.at\/wordpress\/wp-json\/wp\/v2\/posts\/2505\/revisions\/4759"}],"wp:attachment":[{"href":"https:\/\/deserteursdenkmal.at\/wordpress\/wp-json\/wp\/v2\/media?parent=2505"}],"wp:term":[{"taxonomy":"category","embeddable":true,"href":"https:\/\/deserteursdenkmal.at\/wordpress\/wp-json\/wp\/v2\/categories?post=2505"},{"taxonomy":"post_tag","embeddable":true,"href":"https:\/\/deserteursdenkmal.at\/wordpress\/wp-json\/wp\/v2\/tags?post=2505"}],"curies":[{"name":"wp","href":"https:\/\/api.w.org\/{rel}","templated":true}]}}