{"id":2464,"date":"2015-04-04T23:39:02","date_gmt":"2015-04-04T21:39:02","guid":{"rendered":"http:\/\/deserteursdenkmal.at\/wordpress\/?p=2464"},"modified":"2015-10-15T13:05:30","modified_gmt":"2015-10-15T11:05:30","slug":"enthuellung-gedenktafel-wug-x","status":"publish","type":"post","link":"https:\/\/deserteursdenkmal.at\/wordpress\/2015\/04\/enthuellung-gedenktafel-wug-x\/","title":{"rendered":"Enth\u00fcllung Gedenktafel am ehemaligen Wehrmachtsuntersuchungsgef\u00e4ngnis Favoriten (WUG X)"},"content":{"rendered":"<p><strong>Am 30. April 2015<\/strong> wurde im Bezirk Favoriten am ehemaligen Wehrmachtsgef\u00e4ngnis von der Bezirksvertretung eine ausf\u00fchrliche Gedenktafel errichtet.\u00a0Die Gedenktafel stellt durch das mittig platzierte &#8220;X&#8221; einen optischen Bezug zum zentralen Denkmal am Ballhausplatz her. Aus der Einladung:<\/p>\n<blockquote><p><a href=\"http:\/\/deserteursdenkmal.at\/wordpress\/wp-content\/uploads\/2014\/09\/wug-x_05032015_path.jpg\"><img loading=\"lazy\" class=\"alignright size-medium wp-image-2413\" alt=\"wug-x_tafel-2015\" src=\"http:\/\/deserteursdenkmal.at\/wordpress\/wp-content\/uploads\/2014\/09\/wug-x_05032015_path-209x300.jpg\" width=\"209\" height=\"300\" srcset=\"https:\/\/deserteursdenkmal.at\/wordpress\/wp-content\/uploads\/2014\/09\/wug-x_05032015_path-209x300.jpg 209w, https:\/\/deserteursdenkmal.at\/wordpress\/wp-content\/uploads\/2014\/09\/wug-x_05032015_path-716x1024.jpg 716w, https:\/\/deserteursdenkmal.at\/wordpress\/wp-content\/uploads\/2014\/09\/wug-x_05032015_path.jpg 1984w\" sizes=\"(max-width: 209px) 100vw, 209px\" \/><\/a>Bezirksvorsteherin Hermine Mospointner und der Arbeitskreis Gedenkpolitik der Bezirksvertretung laden ein zur<\/p>\n<p><strong>Feierlichen Enth\u00fcllung einer Gedenktafel am ehemaligen Wehrmachtsuntersuchungs-Gef\u00e4ngnis Wien 10, Hardtmuthgasse 40-42<\/strong><\/p>\n<p>am Donnerstag, dem 30. April 2015 um 17:00 Uhr<\/p>\n<p>Das Geb\u00e4ude der heutigen Justizanstalt Favoriten diente von 1938-1945 als Wehrmachtsuntersuchungsgef\u00e4ngnis (\u201eWUG X\u201c). Es war damit Teil des nationalsozialistischen Terror- und Unrechtssystems.<br \/>\nDieses Gef\u00e4ngnis war die gr\u00f6\u00dfte Milit\u00e4rhaftanstalt Wiens. Tausende Menschen befanden sich hier in Untersuchungshaft und warteten auf ihre Verfahren. Todesurteile lie\u00df die Wehrmachtsjustiz an zwei Hinrichtungsorten in Wien vollstrecken: Durch Erschie\u00dfung am Schie\u00dfplatz Kagran oder durch K\u00f6pfen oder H\u00e4ngen im Land(es)gericht I.<\/p>\n<p>Die juristische Rehabilitierung von Wehrmachtsdeserteuren und anderen Opfern der NS-Milit\u00e4rjustiz begann in \u00d6sterreich erst in den sp\u00e4ten 1990er Jahren.<\/p>\n<p>Auch im \u00f6ffentlichen Raum findet dieser Prozess seinen Niederschlag. Seit Oktober 2014 erinnert am Ballhausplatz ein Denkmal an die Opfer der NS-Milit\u00e4rjustiz.<\/p>\n<p><strong>Ablauf:<\/strong><br \/>\n1. Begr\u00fc\u00dfung Bezirksvorsteherin Hermine Mospointner<br \/>\n2. Der Arbeitskreis Gedenkpolitik der Bezirks- vertretung, Vorsitzende Bezirksr\u00e4tin Sascha Resch<br \/>\n3. \u201eGedenken und Mahnen- Erinnerungspolitik und Ged\u00e4chtnislandschaften in Wien\u201c, Dr.in Claudia Kuretsidis-Haider, Leiterin der Forschungsstelle Nachkriegsjustiz am Dokumentationsarchiv des \u00d6sterreichischen Widerstandes<\/p><\/blockquote>\n\n\t\t<style type=\"text\/css\">\n\t\t\t#gallery-1 {\n\t\t\t\tmargin: auto;\n\t\t\t}\n\t\t\t#gallery-1 .gallery-item {\n\t\t\t\tfloat: left;\n\t\t\t\tmargin-top: 10px;\n\t\t\t\ttext-align: center;\n\t\t\t\twidth: 33%;\n\t\t\t}\n\t\t\t#gallery-1 img {\n\t\t\t\tborder: 2px solid #cfcfcf;\n\t\t\t}\n\t\t\t#gallery-1 .gallery-caption {\n\t\t\t\tmargin-left: 0;\n\t\t\t}\n\t\t\t\/* see gallery_shortcode() in wp-includes\/media.php *\/\n\t\t<\/style>\n\t\t<div id='gallery-1' class='gallery galleryid-2464 gallery-columns-3 gallery-size-thumbnail'><dl class='gallery-item'>\n\t\t\t<dt class='gallery-icon landscape'>\n\t\t\t\t<a href='https:\/\/deserteursdenkmal.at\/wordpress\/2015\/04\/enthuellung-gedenktafel-wug-x\/gedenktafelenthu%cc%88llung-20150430_0792b1\/'><img width=\"150\" height=\"150\" src=\"https:\/\/deserteursdenkmal.at\/wordpress\/wp-content\/uploads\/2015\/04\/gedenktafelenthu\u0308llung-20150430_0792b1-150x150.jpeg\" class=\"attachment-thumbnail size-thumbnail\" alt=\"\" loading=\"lazy\" aria-describedby=\"gallery-1-2629\" \/><\/a>\n\t\t\t<\/dt>\n\t\t\t\t<dd class='wp-caption-text gallery-caption' id='gallery-1-2629'>\n\t\t\t\tClaudia Kuretsidis-Haider,  wiss. Ko-Leiterin der Zentrale \u00f6sterreichische Forschungsstelle Nachkriegsjustiz w\u00e4hrend der Rede vor der Enth\u00fcllung, Favoriten 2015 (Foto: \u00a9  Michael Schmid)\n\t\t\t\t<\/dd><\/dl><dl class='gallery-item'>\n\t\t\t<dt class='gallery-icon landscape'>\n\t\t\t\t<a href='https:\/\/deserteursdenkmal.at\/wordpress\/2015\/04\/enthuellung-gedenktafel-wug-x\/gedenktafelenthu%cc%88llung-20150430_0788b1\/'><img width=\"150\" height=\"150\" src=\"https:\/\/deserteursdenkmal.at\/wordpress\/wp-content\/uploads\/2015\/04\/gedenktafelenthu\u0308llung-20150430_0788b1-150x150.jpeg\" class=\"attachment-thumbnail size-thumbnail\" alt=\"\" loading=\"lazy\" aria-describedby=\"gallery-1-2628\" \/><\/a>\n\t\t\t<\/dt>\n\t\t\t\t<dd class='wp-caption-text gallery-caption' id='gallery-1-2628'>\n\t\t\t\tDas Publikum w\u00e4hrend der Rede von Claudia Kuretsidis-Haider \/ 3.+4.v.re: Linde und Richard Wadani, Favoriten 2015 (Foto: \u00a9  Michael Schmid)\n\t\t\t\t<\/dd><\/dl><dl class='gallery-item'>\n\t\t\t<dt class='gallery-icon landscape'>\n\t\t\t\t<a href='https:\/\/deserteursdenkmal.at\/wordpress\/2015\/04\/enthuellung-gedenktafel-wug-x\/gedenktafelenthu%cc%88llung-20150430_0866b1\/'><img width=\"150\" height=\"150\" src=\"https:\/\/deserteursdenkmal.at\/wordpress\/wp-content\/uploads\/2015\/04\/gedenktafelenthu\u0308llung-20150430_0866b1-150x150.jpeg\" class=\"attachment-thumbnail size-thumbnail\" alt=\"\" loading=\"lazy\" aria-describedby=\"gallery-1-2630\" \/><\/a>\n\t\t\t<\/dt>\n\t\t\t\t<dd class='wp-caption-text gallery-caption' id='gallery-1-2630'>\n\t\t\t\tTafel kurz nach der Enth\u00fcllung \/ v.l.n.r.: Richard Wadani (Deserteur aus der Wehrmacht), Claudia Kuretsidis-Haider (Historikerin), Hermine Mospointner (Bezirksvorsteherin), Sascha Resch (Bezirksr\u00e4tin, Leiterin Arbeitskreis Gedenkpolitik), Favoriten 2015 (Foto: \u00a9  Michael Schmid) \n\t\t\t\t<\/dd><\/dl><br style=\"clear: both\" \/>\n\t\t<\/div>\n\n<p><strong>Mehr Infos zum Ort ansich gibt es hier: <a href=\"http:\/\/deserteursdenkmal.at\/wordpress\/3-verfolgung\/2-verfolgungsorte\/favoriten\/\">Wehrmachtsuntersuchungsgef\u00e4ngnis Favoriten (WUG X)<\/a>.<\/strong><\/p>\n<p><em>Danke an <a href=\"http:\/\/schmid-photography.com\">Michael Schmid<\/a> f\u00fcr das \u00dcberlassen der drei Fotos (Alle Rechte bei\u00a0<a href=\"http:\/\/schmid-photography.com\">schmid-photography.com<\/a>).<\/em><\/p>\n ","protected":false},"excerpt":{"rendered":"<p>Am 30. April 2015 wurde im Bezirk Favoriten am ehemaligen Wehrmachtsgef\u00e4ngnis von der Bezirksvertretung eine ausf\u00fchrliche Gedenktafel errichtet.\u00a0Die Gedenktafel stellt durch das mittig platzierte &#8220;X&#8221; einen optischen Bezug zum zentralen Denkmal am Ballhausplatz her. Aus der Einladung: Bezirksvorsteherin Hermine Mospointner &hellip; <a href=\"https:\/\/deserteursdenkmal.at\/wordpress\/2015\/04\/enthuellung-gedenktafel-wug-x\/\">Weiterlesen <span class=\"meta-nav\">&rarr;<\/span><\/a><\/p>\n","protected":false},"author":3,"featured_media":0,"comment_status":"closed","ping_status":"closed","sticky":false,"template":"","format":"standard","meta":[],"categories":[8,102],"tags":[125,112,111,123],"_links":{"self":[{"href":"https:\/\/deserteursdenkmal.at\/wordpress\/wp-json\/wp\/v2\/posts\/2464"}],"collection":[{"href":"https:\/\/deserteursdenkmal.at\/wordpress\/wp-json\/wp\/v2\/posts"}],"about":[{"href":"https:\/\/deserteursdenkmal.at\/wordpress\/wp-json\/wp\/v2\/types\/post"}],"author":[{"embeddable":true,"href":"https:\/\/deserteursdenkmal.at\/wordpress\/wp-json\/wp\/v2\/users\/3"}],"replies":[{"embeddable":true,"href":"https:\/\/deserteursdenkmal.at\/wordpress\/wp-json\/wp\/v2\/comments?post=2464"}],"version-history":[{"count":14,"href":"https:\/\/deserteursdenkmal.at\/wordpress\/wp-json\/wp\/v2\/posts\/2464\/revisions"}],"predecessor-version":[{"id":2816,"href":"https:\/\/deserteursdenkmal.at\/wordpress\/wp-json\/wp\/v2\/posts\/2464\/revisions\/2816"}],"wp:attachment":[{"href":"https:\/\/deserteursdenkmal.at\/wordpress\/wp-json\/wp\/v2\/media?parent=2464"}],"wp:term":[{"taxonomy":"category","embeddable":true,"href":"https:\/\/deserteursdenkmal.at\/wordpress\/wp-json\/wp\/v2\/categories?post=2464"},{"taxonomy":"post_tag","embeddable":true,"href":"https:\/\/deserteursdenkmal.at\/wordpress\/wp-json\/wp\/v2\/tags?post=2464"}],"curies":[{"name":"wp","href":"https:\/\/api.w.org\/{rel}","templated":true}]}}