{"id":1904,"date":"2014-10-26T10:14:03","date_gmt":"2014-10-26T09:14:03","guid":{"rendered":"http:\/\/deserteursdenkmal.at\/wordpress\/?p=1904"},"modified":"2016-11-04T07:11:54","modified_gmt":"2016-11-04T06:11:54","slug":"eroeffnungsfeier_2014","status":"publish","type":"post","link":"https:\/\/deserteursdenkmal.at\/wordpress\/2014\/10\/eroeffnungsfeier_2014\/","title":{"rendered":"Er\u00f6ffnungsfeier des Deserteursdenkmals"},"content":{"rendered":"<p>Am 24. Oktober 2014 wurde durch einen Festakt am Ballhausplatz das Denkmal f\u00fcr die Verfolgten der NS-Milit\u00e4rjustiz er\u00f6ffnet. Denkmalsetzerin ist die Stadt Wien.<\/p>\n<p>Im Folgenden dokumentieren wir wichtige Aspekte der Er\u00f6ffnungsfeier. Anbei das Programm, eine Sammlung von Fotos, H\u00f6rfiles und Videos sowie weitergehende Reaktionen und Resonanzen.<strong><br \/>\n<\/strong><\/p>\n<blockquote><p><strong><\/strong><strong>Programm:<\/strong><\/p>\n<ul>\n<li><i>M!M<\/i><b> &#8211; Eine Choreografie von Laurent Ch\u00e9touane, <\/b>gemeinsam erarbeitet und getanzt von Mikael Marklund, 2013\/14 (einen digitalen Skizzenblock zur Choreografie finden Sie <a href=\"http:\/\/deserteursdenkmal.at\/wordpress\/wp-content\/uploads\/2014\/02\/Scores_TdZ_OlafNicolai_FINAL_Till_ansicht.pdf\">hier<\/a>).<\/li>\n<li><b>Martina Taig<\/b>, <i>Gesch\u00e4ftsf\u00fchrerin K\u00d6R <\/i>(Kunst im \u00f6ffentlichen Raum)<\/li>\n<li><b>David Ellensohn, <\/b><i>Klubobmann der Gr\u00fcnen Wien <a href=\"https:\/\/www.youtube.com\/watch?v=7GBsOvEYwcY\">Video<\/a><br \/>\n<\/i><\/li>\n<li><b>Walter Manoschek, <\/b><i>Politikwissenschaftler <a href=\"http:\/\/deserteursdenkmal.at\/wordpress\/wp-content\/uploads\/2014\/10\/Rede-Ballhausplatz-Walter-Manoschek.pdf\">Redetext<\/a><br \/>\n<\/i><\/li>\n<\/ul>\n<p><em><b>Friedrich Cerha, <\/b>Spiegel VI, aus dem Zyklus Spiegel I-VII f\u00fcr gro\u00dfes Orchester und Tonband, 1960\/61, Klangforum Wien, ORF Symphonie Orchester Wien, Leitung: Friedrich Cerha<\/em><\/p>\n<p>&nbsp;<\/p>\n<ul>\n<li><b>Michael H\u00e4upl, <em>B\u00fcrgermeister der Stadt Wien<\/em><\/b><\/li>\n<li><b>Richard Wadani, <\/b><i>Zeitzeuge und Deserteur<\/i><\/li>\n<li><b>Kathrin R\u00f6ggla, <\/b><i>Schriftstellerin <a href=\"http:\/\/deserteursdenkmal.at\/wordpress\/wp-content\/uploads\/2014\/10\/Kathrin-R\u00f6ggla-Der-Deserteur-hat-derzeit-schlechte-Konjunktur-Desertieren..pdf\">Redete<i>xt<\/i><\/a><br \/>\n<\/i><\/li>\n<li><b>Josef Ostermayer, <\/b><i>Bundesminister f\u00fcr Kunst und Kultur, Verfassung und \u00f6ffentlichen Dienst <a href=\"http:\/\/deserteursdenkmal.at\/wordpress\/wp-content\/uploads\/2014\/10\/Rede-HBM_Deserteursdenkmal.pdf\">Redetext<\/a><br \/>\n<\/i><\/li>\n<li><b>Heinz Fischer, <\/b><i>Bundespr\u00e4sident der Republik \u00d6sterreich\u00a0<a href=\"http:\/\/www.bundespraesident.at\/nc\/aktivitaeten\/fotogalerie\/?tx_yag_pi1%5Bc211%5D%5BgalleryUid%5D=20&amp;tx_yag_pi1%5Bc211%5D%5BalbumUid%5D=2276&amp;tx_yag_pi1%5Bcontroller%5D=ItemList&amp;cHash=65f32aea0fb0ad14a479f530e10c7ad8\">Dokumentation<\/a><br \/>\n<\/i><\/li>\n<\/ul>\n<p><em><b>Chor Gegenstimmen, <\/b>Sag Nein!, 2014 (ein Auszug aus der Ode an den Deserteur von Frederic Rzewski, Text: Kurt Tucholsky \/ Wolfgang Borchert)<\/em><\/p><\/blockquote>\n<div><\/div>\n<div>Die Veranstaltung ist als H\u00f6rdokument \u00fcberliefert vom <a href=\"http:\/\/cba.fro.at\/271901\">clultural broadcasting archive<\/a>.<\/div>\n<div><\/div>\n<div><\/div>\n<div><\/div>\n<div>Die Bundesvereinigung &#8220;Opfer der NS-Milit\u00e4rjustiz&#8221; aus Bremen \u00fcbermittelte anl\u00e4sslich der Er\u00f6ffnung folgende <a href=\"http:\/\/deserteursdenkmal.at\/wordpress\/wp-content\/uploads\/2014\/10\/Grussadresse-Bundesvereinigung-Bremen-Wien201410241.pdf\">Grussadresse<\/a>.<\/div>\n\n\t\t<style type=\"text\/css\">\n\t\t\t#gallery-1 {\n\t\t\t\tmargin: auto;\n\t\t\t}\n\t\t\t#gallery-1 .gallery-item {\n\t\t\t\tfloat: left;\n\t\t\t\tmargin-top: 10px;\n\t\t\t\ttext-align: center;\n\t\t\t\twidth: 25%;\n\t\t\t}\n\t\t\t#gallery-1 img {\n\t\t\t\tborder: 2px solid #cfcfcf;\n\t\t\t}\n\t\t\t#gallery-1 .gallery-caption {\n\t\t\t\tmargin-left: 0;\n\t\t\t}\n\t\t\t\/* see gallery_shortcode() in wp-includes\/media.php *\/\n\t\t<\/style>\n\t\t<div id='gallery-1' class='gallery galleryid-1904 gallery-columns-4 gallery-size-thumbnail'><dl class='gallery-item'>\n\t\t\t<dt class='gallery-icon landscape'>\n\t\t\t\t<a href='https:\/\/deserteursdenkmal.at\/wordpress\/wp-content\/uploads\/2014\/02\/nicolai_141029_01.jpg'><img width=\"150\" height=\"150\" src=\"https:\/\/deserteursdenkmal.at\/wordpress\/wp-content\/uploads\/2014\/02\/nicolai_141029_01-150x150.jpg\" class=\"attachment-thumbnail size-thumbnail\" alt=\"\" loading=\"lazy\" aria-describedby=\"gallery-1-1985\" \/><\/a>\n\t\t\t<\/dt>\n\t\t\t\t<dd class='wp-caption-text gallery-caption' id='gallery-1-1985'>\n\t\t\t\tDeserteursdenkmal, Ballhausplatz, Wien 2014 (Foto: Iris Ranzinger\/K\u00d6R)\n\t\t\t\t<\/dd><\/dl><dl class='gallery-item'>\n\t\t\t<dt class='gallery-icon landscape'>\n\t\t\t\t<a href='https:\/\/deserteursdenkmal.at\/wordpress\/wp-content\/uploads\/2014\/02\/nicolai_141029_06.jpg'><img width=\"150\" height=\"150\" src=\"https:\/\/deserteursdenkmal.at\/wordpress\/wp-content\/uploads\/2014\/02\/nicolai_141029_06-150x150.jpg\" class=\"attachment-thumbnail size-thumbnail\" alt=\"\" loading=\"lazy\" aria-describedby=\"gallery-1-1990\" \/><\/a>\n\t\t\t<\/dt>\n\t\t\t\t<dd class='wp-caption-text gallery-caption' id='gallery-1-1990'>\n\t\t\t\tDeserteursdenkmal, Ballhausplatz, Wien 2014 (Foto: Iris Ranzinger\/K\u00d6R)\n\t\t\t\t<\/dd><\/dl><dl class='gallery-item'>\n\t\t\t<dt class='gallery-icon landscape'>\n\t\t\t\t<a href='https:\/\/deserteursdenkmal.at\/wordpress\/wp-content\/uploads\/2014\/02\/nicolai_141029_11.jpg'><img width=\"150\" height=\"150\" src=\"https:\/\/deserteursdenkmal.at\/wordpress\/wp-content\/uploads\/2014\/02\/nicolai_141029_11-150x150.jpg\" class=\"attachment-thumbnail size-thumbnail\" alt=\"\" loading=\"lazy\" aria-describedby=\"gallery-1-1995\" \/><\/a>\n\t\t\t<\/dt>\n\t\t\t\t<dd class='wp-caption-text gallery-caption' id='gallery-1-1995'>\n\t\t\t\tDeserteursdenkmal, Ballhausplatz, Wien 2014 (Foto: Iris Ranzinger\/K\u00d6R)\n\t\t\t\t<\/dd><\/dl><dl class='gallery-item'>\n\t\t\t<dt class='gallery-icon landscape'>\n\t\t\t\t<a href='https:\/\/deserteursdenkmal.at\/wordpress\/wp-content\/uploads\/2014\/02\/nicolai_141029_16.jpg'><img width=\"150\" height=\"150\" src=\"https:\/\/deserteursdenkmal.at\/wordpress\/wp-content\/uploads\/2014\/02\/nicolai_141029_16-150x150.jpg\" class=\"attachment-thumbnail size-thumbnail\" alt=\"\" loading=\"lazy\" aria-describedby=\"gallery-1-2000\" \/><\/a>\n\t\t\t<\/dt>\n\t\t\t\t<dd class='wp-caption-text gallery-caption' id='gallery-1-2000'>\n\t\t\t\tBundeskanzleramt und Deserteursdenkmal, Ballhausplatz, Wien 2014 (Foto: Iris Ranzinger\/K\u00d6R)\n\t\t\t\t<\/dd><\/dl><br style=\"clear: both\" \/><dl class='gallery-item'>\n\t\t\t<dt class='gallery-icon landscape'>\n\t\t\t\t<a href='https:\/\/deserteursdenkmal.at\/wordpress\/wp-content\/uploads\/2014\/02\/nicolai_141029_20.jpg'><img width=\"150\" height=\"150\" src=\"https:\/\/deserteursdenkmal.at\/wordpress\/wp-content\/uploads\/2014\/02\/nicolai_141029_20-150x150.jpg\" class=\"attachment-thumbnail size-thumbnail\" alt=\"\" loading=\"lazy\" aria-describedby=\"gallery-1-2004\" \/><\/a>\n\t\t\t<\/dt>\n\t\t\t\t<dd class='wp-caption-text gallery-caption' id='gallery-1-2004'>\n\t\t\t\tKanzlei des Bundespr\u00e4sidenten und Deserteursdenkmal, Ballhausplatz, Wien 2014 (Foto: Iris Ranzinger\/K\u00d6R)\n\t\t\t\t<\/dd><\/dl><dl class='gallery-item'>\n\t\t\t<dt class='gallery-icon landscape'>\n\t\t\t\t<a href='https:\/\/deserteursdenkmal.at\/wordpress\/wp-content\/uploads\/2014\/02\/nicolai_141029_33.jpg'><img width=\"150\" height=\"150\" src=\"https:\/\/deserteursdenkmal.at\/wordpress\/wp-content\/uploads\/2014\/02\/nicolai_141029_33-150x150.jpg\" class=\"attachment-thumbnail size-thumbnail\" alt=\"\" loading=\"lazy\" aria-describedby=\"gallery-1-2017\" \/><\/a>\n\t\t\t<\/dt>\n\t\t\t\t<dd class='wp-caption-text gallery-caption' id='gallery-1-2017'>\n\t\t\t\tDeserteursdenkmal, Ballhausplatz, Wien 2014 (Foto: Iris Ranzinger\/K\u00d6R)\n\t\t\t\t<\/dd><\/dl><dl class='gallery-item'>\n\t\t\t<dt class='gallery-icon landscape'>\n\t\t\t\t<a href='https:\/\/deserteursdenkmal.at\/wordpress\/wp-content\/uploads\/2014\/02\/nicolai_141029_36.jpg'><img width=\"150\" height=\"150\" src=\"https:\/\/deserteursdenkmal.at\/wordpress\/wp-content\/uploads\/2014\/02\/nicolai_141029_36-150x150.jpg\" class=\"attachment-thumbnail size-thumbnail\" alt=\"\" loading=\"lazy\" aria-describedby=\"gallery-1-2020\" \/><\/a>\n\t\t\t<\/dt>\n\t\t\t\t<dd class='wp-caption-text gallery-caption' id='gallery-1-2020'>\n\t\t\t\tDeserteursdenkmal, Ballhausplatz, Wien 2014 (Foto: Iris Ranzinger\/K\u00d6R)\n\t\t\t\t<\/dd><\/dl><dl class='gallery-item'>\n\t\t\t<dt class='gallery-icon portrait'>\n\t\t\t\t<a href='https:\/\/deserteursdenkmal.at\/wordpress\/wp-content\/uploads\/2014\/02\/nicolai_141029_44.jpg'><img width=\"150\" height=\"150\" src=\"https:\/\/deserteursdenkmal.at\/wordpress\/wp-content\/uploads\/2014\/02\/nicolai_141029_44-150x150.jpg\" class=\"attachment-thumbnail size-thumbnail\" alt=\"\" loading=\"lazy\" aria-describedby=\"gallery-1-2028\" \/><\/a>\n\t\t\t<\/dt>\n\t\t\t\t<dd class='wp-caption-text gallery-caption' id='gallery-1-2028'>\n\t\t\t\tDeserteursdenkmal, Ballhausplatz, Wien 2014 (Foto: Iris Ranzinger\/K\u00d6R)\n\t\t\t\t<\/dd><\/dl><br style=\"clear: both\" \/>\n\t\t<\/div>\n\n<p><i>Fotos Iris Ranzinger, freundlicherweise \u00fcberlassen von <a title=\"K\u00d6R\" href=\"http:\/\/www.koer.or.at\/cgi-bin\/page.pl?id=487;lang=de\">K\u00d6R &#8211; Kunst im \u00f6ffentlichen Raum.<\/a><\/i><\/p>\n ","protected":false},"excerpt":{"rendered":"<p>Am 24. Oktober 2014 wurde durch einen Festakt am Ballhausplatz das Denkmal f\u00fcr die Verfolgten der NS-Milit\u00e4rjustiz er\u00f6ffnet. Denkmalsetzerin ist die Stadt Wien. Im Folgenden dokumentieren wir wichtige Aspekte der Er\u00f6ffnungsfeier. Anbei das Programm, eine Sammlung von Fotos, H\u00f6rfiles und &hellip; <a href=\"https:\/\/deserteursdenkmal.at\/wordpress\/2014\/10\/eroeffnungsfeier_2014\/\">Weiterlesen <span class=\"meta-nav\">&rarr;<\/span><\/a><\/p>\n","protected":false},"author":3,"featured_media":0,"comment_status":"closed","ping_status":"closed","sticky":false,"template":"","format":"standard","meta":[],"categories":[102],"tags":[106,48,101,15],"_links":{"self":[{"href":"https:\/\/deserteursdenkmal.at\/wordpress\/wp-json\/wp\/v2\/posts\/1904"}],"collection":[{"href":"https:\/\/deserteursdenkmal.at\/wordpress\/wp-json\/wp\/v2\/posts"}],"about":[{"href":"https:\/\/deserteursdenkmal.at\/wordpress\/wp-json\/wp\/v2\/types\/post"}],"author":[{"embeddable":true,"href":"https:\/\/deserteursdenkmal.at\/wordpress\/wp-json\/wp\/v2\/users\/3"}],"replies":[{"embeddable":true,"href":"https:\/\/deserteursdenkmal.at\/wordpress\/wp-json\/wp\/v2\/comments?post=1904"}],"version-history":[{"count":16,"href":"https:\/\/deserteursdenkmal.at\/wordpress\/wp-json\/wp\/v2\/posts\/1904\/revisions"}],"predecessor-version":[{"id":3304,"href":"https:\/\/deserteursdenkmal.at\/wordpress\/wp-json\/wp\/v2\/posts\/1904\/revisions\/3304"}],"wp:attachment":[{"href":"https:\/\/deserteursdenkmal.at\/wordpress\/wp-json\/wp\/v2\/media?parent=1904"}],"wp:term":[{"taxonomy":"category","embeddable":true,"href":"https:\/\/deserteursdenkmal.at\/wordpress\/wp-json\/wp\/v2\/categories?post=1904"},{"taxonomy":"post_tag","embeddable":true,"href":"https:\/\/deserteursdenkmal.at\/wordpress\/wp-json\/wp\/v2\/tags?post=1904"}],"curies":[{"name":"wp","href":"https:\/\/api.w.org\/{rel}","templated":true}]}}